{"id":15655,"date":"2026-02-07T17:00:00","date_gmt":"2026-02-07T16:00:00","guid":{"rendered":"https:\/\/jelenadogshows.com\/sr\/aktuelno\/?p=15655"},"modified":"2026-02-02T22:20:19","modified_gmt":"2026-02-02T21:20:19","slug":"izlozbe-pasa-portugalija-2026","status":"publish","type":"post","link":"https:\/\/jelenadogshows.com\/sr\/aktuelno\/izlozbe-pasa-portugalija-2026\/","title":{"rendered":"Izlo\u017ebe pasa-PORTUGALIJA 2026"},"content":{"rendered":"<p>Izlo\u017ebe pasa-PORTUGALIJA 2026<span id=\"more-15221\"><\/span><!--more--><\/p>\n\n\n<figure class=\"wp-block-table is-style-stripes\"><table class=\"has-fixed-layout\"><thead><tr><td class=\"has-text-align-center\" data-align=\"center\">Data<\/td><td class=\"has-text-align-center\" data-align=\"center\">Exposi\u00e7\u00e3o Canina<\/td><td class=\"has-text-align-center\" data-align=\"center\">Local<\/td><td class=\"has-text-align-center\" data-align=\"center\">Tipo<\/td><\/tr><\/thead><tbody><tr><td class=\"has-text-align-center\" data-align=\"center\" colspan=\"4\">JANEIRO<\/td><\/tr><tr><td>10\/11 Jan.<\/td><td><a href=\"https:\/\/www.cpc.pt\/exposicoes\/exposicao-canina-de-arruda-dos-vinhos-2026\/\">3.\u00aa E. C. Internacional de Arruda dos Vinhos<\/a>&nbsp;Inscri\u00e7\u00f5es fechadas<\/td><td>Pavilh\u00e3o Multiusos<br>(Arruda dos Vinhos)<\/td><td>CAC&nbsp;FCI-CACIB<\/td><\/tr><tr><td class=\"has-text-align-center\" data-align=\"center\" colspan=\"4\">FEVEREIRO<\/td><\/tr><tr><td>07 Fev.<\/td><td><a href=\"https:\/\/www.cpc.pt\/exposicoes\/exposicoes-caninas-de-lisboa-2026\/\">4.\u00aa E. C. Nacional do PetFestival<\/a>&nbsp;Inscri\u00e7\u00f5es abertas<\/td><td>Feira Internacional de Lisboa<\/td><td>CAC<\/td><\/tr><tr><td>08 Fev.<\/td><td><a href=\"https:\/\/www.cpc.pt\/exposicoes\/exposicoes-caninas-de-lisboa-2026\/\">149.\u00aa E. C. Internacional do Clube Portugu\u00eas de Canicultura<br>(Lisboa Winner 2026)<\/a>&nbsp;Crufts 2027 Qual.&nbsp;Inscri\u00e7\u00f5es abertas<\/td><td>Feira Internacional de Lisboa<\/td><td>CAC&nbsp;FCI-CACIB<\/td><\/tr><tr><td>28 Fev.<\/td><td><a href=\"https:\/\/www.cpc.pt\/exposicoes\/exposicoes-caninas-de-gondomar-2026\/\">5.\u00aa E. C. Nacional de Gondomar<\/a>&nbsp;Inscri\u00e7\u00f5es abertas<\/td><td>Multiusos de Gondomar<\/td><td>CAC<\/td><\/tr><tr><td class=\"has-text-align-center\" data-align=\"center\" colspan=\"4\">MAR\u00c7O<\/td><\/tr><tr><td>01 Mar.<\/td><td><a href=\"https:\/\/www.cpc.pt\/exposicoes\/exposicoes-caninas-de-gondomar-2026\/\">6.\u00aa E. C. Nacional de Gondomar<\/a>&nbsp;Inscri\u00e7\u00f5es abertas<\/td><td>Multiusos de Gondomar<\/td><td>CAC<\/td><\/tr><tr><td>21 Mar.<\/td><td>21.\u00aa E. C. Nacional de Beja<\/td><td>Parque de Feiras e Exposi\u00e7\u00f5es<br>(Beja)<\/td><td>CAC<\/td><\/tr><tr><td>22 Mar.<\/td><td>22.\u00aa E. C. Nacional de Beja<\/td><td>Parque de Feiras e Exposi\u00e7\u00f5es<br>(Beja)<\/td><td>CAC<\/td><\/tr><tr><td class=\"has-text-align-center\" data-align=\"center\" colspan=\"4\">ABRIL<\/td><\/tr><tr><td>18 Abr.<\/td><td><a href=\"https:\/\/www.cpc.pt\/exposicoes\/exposicoes-caninas-do-alto-minho-2026\/\">9.\u00aa E. C. Nacional do Alto Minho<\/a>&nbsp;Inscri\u00e7\u00f5es abertas<\/td><td>Expolima<br>(Ponte de Lima)<\/td><td>CAC<\/td><\/tr><tr><td>19 Abr.<\/td><td><a href=\"https:\/\/www.cpc.pt\/exposicoes\/exposicoes-caninas-do-alto-minho-2026\/\">8.\u00aa E. C. Internacional do Alto Minho<\/a>&nbsp;Inscri\u00e7\u00f5es abertas<\/td><td>Expolima<br>(Ponte de Lima)<\/td><td>CAC&nbsp;FCI-CACIB<\/td><\/tr><tr><td class=\"has-text-align-center\" data-align=\"center\" colspan=\"4\">MAIO<\/td><\/tr><tr><td>02 Mai.<\/td><td>3.\u00aa E. C. Especializada de Ra\u00e7as Portuguesas da Ovibeja<\/td><td>Parque de Feiras e Exposi\u00e7\u00f5es<br>(Beja)<\/td><td>CAC (RPort.)<\/td><\/tr><tr><td>09 Mai.<\/td><td>36.\u00aa E. C. Internacional de Elvas<\/td><td>Centro de Neg\u00f3cios Transfronteiri\u00e7o<br>(Elvas)<\/td><td>CAC&nbsp;FCI-CACIB<\/td><\/tr><tr><td>16 Mai.<\/td><td>4.\u00aa E. C. Nacional de Salvaterra de Magos<\/td><td>Cais da Vala<br>(Salvaterra de Magos)<\/td><td>CAC<\/td><\/tr><tr><td>23 Mai.<\/td><td>33.\u00aa E. C. Nacional do Alto Alentejo<\/td><td>Jardim do Fosso<br>(Arronches)<\/td><td>CAC<\/td><\/tr><tr><td class=\"has-text-align-center\" data-align=\"center\" colspan=\"4\">JUNHO<\/td><\/tr><tr><td>10 Jun.<\/td><td>23.\u00aa E. C. Especializada de Ra\u00e7as Portuguesas do Dia de Portugal<\/td><td>Centro Nacional de Exposi\u00e7\u00f5es<br>(Santar\u00e9m)<\/td><td>CAC-QC (RPort.)<\/td><\/tr><tr><td>20 Jun.<\/td><td>15.\u00aa E. C. Nacional de Lamego<\/td><td>Centro Multiusos<br>(Lamego)<\/td><td>CAC<\/td><\/tr><tr><td>21 Jun.<\/td><td>5.\u00aa E. C. Internacional de Lamego<\/td><td>Centro Multiusos<br>(Lamego)<\/td><td>CAC&nbsp;FCI-CACIB<\/td><\/tr><tr><td class=\"has-text-align-center\" data-align=\"center\" colspan=\"4\">JULHO<\/td><\/tr><tr><td>04 Jul.<\/td><td>100.\u00aa E. C. Internacional do Norte<br>(Latin Winner 2026)&nbsp;Latin Winner 2025<\/td><td>Parque de Exposi\u00e7\u00f5es<br>(Aveiro)<\/td><td>CAC&nbsp;FCI-CACIB<\/td><\/tr><tr><td>05 Jul.<\/td><td>101.\u00aa E. C. Internacional do Norte<br>(Norte Winner 2026) (Qualificativa de Campeonato)<br>Ch.PT Qual.&nbsp;Ch.Iber. Qual.<\/td><td>Parque de Exposi\u00e7\u00f5es<br>(Aveiro)<\/td><td>CAC-QC&nbsp;FCI-CACIB<\/td><\/tr><tr><td>25 Jul.<\/td><td>43.\u00aa E. C. Nacional de Sintra<\/td><td>Largo da Feira<br>(S\u00e3o Jo\u00e3o das Lampas)<\/td><td>CAC<\/td><\/tr><tr><td>26 Jul.<\/td><td>41.\u00aa E. C. Internacional de Sintra<\/td><td>Largo da Feira<br>(S\u00e3o Jo\u00e3o das Lampas)<\/td><td>CAC&nbsp;FCI-CACIB<\/td><\/tr><tr><td class=\"has-text-align-center\" data-align=\"center\" colspan=\"4\">AGOSTO<\/td><\/tr><tr><td>22 Ago.<\/td><td>16.\u00aa E. C. Nacional do Fund\u00e3o<\/td><td>Agrupamento de Escolas do Fund\u00e3o<\/td><td>CAC<\/td><\/tr><tr><td>23 Ago.<\/td><td>2.\u00aa E. C. Internacional do Fund\u00e3o<\/td><td>Agrupamento de Escolas do Fund\u00e3o<\/td><td>CAC&nbsp;FCI-CACIB<\/td><\/tr><tr><td class=\"has-text-align-center\" data-align=\"center\" colspan=\"4\">SETEMBRO<\/td><\/tr><tr><td>11 Set.<\/td><td>6.\u00aa E. C. Nacional do Algarve<\/td><td>Est\u00e1dio Municipal<br>(Lagos)<\/td><td>CAC<\/td><\/tr><tr><td>12 Set.<\/td><td>35.\u00aa E. C. Internacional do Algarve<\/td><td>Est\u00e1dio Municipal<br>(Lagos)<\/td><td>CAC&nbsp;FCI-CACIB<\/td><\/tr><tr><td>19 Set.<\/td><td>10.\u00aa E. C. Especializada de C\u00e3es de Condu\u00e7\u00e3o de Rebanhos \u201cChocalhos 2026\u201d<\/td><td>Terreiro de Santo Ant\u00f3nio<br>(Alpedrinha)<\/td><td>CAC (Esp.)<\/td><\/tr><tr><td>19 Set.<\/td><td>14.\u00aa E. C. Especializada de C\u00e3es de Prote\u00e7\u00e3o de Rebanhos \u201cChocalhos 2026\u201d<\/td><td>Terreiro de Santo Ant\u00f3nio<br>(Alpedrinha)<\/td><td>CAC (Esp.)<\/td><\/tr><tr><td>26 Set.<\/td><td>25.\u00aa E. C. Nacional de Aveiro<\/td><td>Parque de Exposi\u00e7\u00f5es<br>(Aveiro)<\/td><td>CAC<\/td><\/tr><tr><td>27 Set.<\/td><td>18.\u00aa E. C. Internacional de Aveiro<\/td><td>Parque de Exposi\u00e7\u00f5es<br>(Aveiro)<\/td><td>CAC&nbsp;FCI-CACIB<\/td><\/tr><tr><td>27 Set.<\/td><td>8.\u00aa E. C. Especializada de Ra\u00e7as Portuguesas de Aveiro<\/td><td>Parque de Exposi\u00e7\u00f5es<br>(Aveiro)<\/td><td>CAC (RPort.)<\/td><\/tr><tr><td class=\"has-text-align-center\" data-align=\"center\" colspan=\"4\">OUTUBRO<\/td><\/tr><tr><td>10 Out.<\/td><td>19.\u00aa E. C. Nacional de Braga<\/td><td>Forum Braga<\/td><td>CAC<\/td><\/tr><tr><td>11 Out.<\/td><td>16.\u00aa E. C. Internacional de Braga<\/td><td>Forum Braga<\/td><td>CAC&nbsp;FCI-CACIB<\/td><\/tr><tr><td>24 Out.<\/td><td>150.\u00aa E. C. Internacional do Clube Portugu\u00eas de Canicultura<br>(Latin Winner 2026)<br>Latin Winner 2026<\/td><td>Centro Nacional de Exposi\u00e7\u00f5es<br>(Santar\u00e9m)<\/td><td>CAC&nbsp;FCI-CACIB<\/td><\/tr><tr><td>25 Out.<\/td><td>151.\u00aa E. C. Internacional do Clube Portugu\u00eas de Canicultura<br>(CPC Winner 2026) (Qualificativa de Campeonato)<br>Ch.PT Qual.&nbsp;Ch.Iber. Qual.&nbsp;Crufts 2027 Qual.<\/td><td>Centro Nacional de Exposi\u00e7\u00f5es<br>(Santar\u00e9m)<\/td><td>CAC-QC&nbsp;FCI-CACIB<\/td><\/tr><tr><td class=\"has-text-align-center\" data-align=\"center\" colspan=\"4\">NOVEMBRO<\/td><\/tr><tr><td>28 Nov.<\/td><td>32.\u00aa E. C. Nacional de Santar\u00e9m &#8211; AVISAN<\/td><td>Centro Nacional de Exposi\u00e7\u00f5es<br>(Santar\u00e9m)<\/td><td>CAC<\/td><\/tr><tr><td>29 Nov.<\/td><td>26.\u00aa E. C. Internacional de Santar\u00e9m &#8211; AVISAN<\/td><td>Centro Nacional de Exposi\u00e7\u00f5es<br>(Santar\u00e9m)<\/td><td>CAC&nbsp;FCI-CACIB<\/td><\/tr><\/tbody><\/table><\/figure>\n\n\n\n<hr class=\"wp-block-separator has-alpha-channel-opacity is-style-wide\"\/>\n\n\n\n<figure class=\"wp-block-image aligncenter size-full\"><a href=\"https:\/\/dogs.jelenadogshows.com\/\"><img decoding=\"async\" src=\"https:\/\/jelenadogshows.com\/eng\/wp-content\/uploads\/2021\/03\/oglasi-434.jpg-2.jpg\" alt=\"\" class=\"wp-image-9693\"\/><\/a><figcaption class=\"wp-element-caption\"><strong><strong><strong><strong>Da li prodajete ili kupujete psa?<a href=\"https:\/\/dogs.jelenadogshows.com\/advertisements\/\"><strong>\u00a0<\/strong>OVDE<\/a>\u00a0mo\u017eete da postavite i pogledate besplatne oglase.<\/strong><\/strong><\/strong><\/strong><\/figcaption><\/figure>\n","protected":false},"excerpt":{"rendered":"<p>Izlo\u017ebe pasa-PORTUGALIJA 2026<\/p>\n","protected":false},"author":1,"featured_media":1764,"comment_status":"open","ping_status":"open","sticky":false,"template":"","format":"standard","meta":{"_eb_attr":"","site-sidebar-layout":"default","site-content-layout":"","ast-site-content-layout":"default","site-content-style":"default","site-sidebar-style":"default","ast-global-header-display":"","ast-banner-title-visibility":"","ast-main-header-display":"","ast-hfb-above-header-display":"","ast-hfb-below-header-display":"","ast-hfb-mobile-header-display":"","site-post-title":"","ast-breadcrumbs-content":"","ast-featured-img":"","footer-sml-layout":"","ast-disable-related-posts":"","theme-transparent-header-meta":"","adv-header-id-meta":"","stick-header-meta":"","header-above-stick-meta":"","header-main-stick-meta":"","header-below-stick-meta":"","astra-migrate-meta-layouts":"set","ast-page-background-enabled":"default","ast-page-background-meta":{"desktop":{"background-color":"","background-image":"","background-repeat":"repeat","background-position":"center center","background-size":"auto","background-attachment":"scroll","background-type":"","background-media":"","overlay-type":"","overlay-color":"","overlay-opacity":"","overlay-gradient":""},"tablet":{"background-color":"","background-image":"","background-repeat":"repeat","background-position":"center center","background-size":"auto","background-attachment":"scroll","background-type":"","background-media":"","overlay-type":"","overlay-color":"","overlay-opacity":"","overlay-gradient":""},"mobile":{"background-color":"","background-image":"","background-repeat":"repeat","background-position":"center center","background-size":"auto","background-attachment":"scroll","background-type":"","background-media":"","overlay-type":"","overlay-color":"","overlay-opacity":"","overlay-gradient":""}},"ast-content-background-meta":{"desktop":{"background-color":"var(--ast-global-color-5)","background-image":"","background-repeat":"repeat","background-position":"center center","background-size":"auto","background-attachment":"scroll","background-type":"","background-media":"","overlay-type":"","overlay-color":"","overlay-opacity":"","overlay-gradient":""},"tablet":{"background-color":"var(--ast-global-color-5)","background-image":"","background-repeat":"repeat","background-position":"center center","background-size":"auto","background-attachment":"scroll","background-type":"","background-media":"","overlay-type":"","overlay-color":"","overlay-opacity":"","overlay-gradient":""},"mobile":{"background-color":"var(--ast-global-color-5)","background-image":"","background-repeat":"repeat","background-position":"center center","background-size":"auto","background-attachment":"scroll","background-type":"","background-media":"","overlay-type":"","overlay-color":"","overlay-opacity":"","overlay-gradient":""}},"footnotes":""},"categories":[52,33,42,41,2],"tags":[95,77,127,130,129,1625,1643,304],"class_list":["post-15655","post","type-post","status-publish","format-standard","has-post-thumbnail","hentry","category-evropa","category-inostranstvo","category-izlozbe-pasa","category-najave-izlobi","category-vesti","tag-cac","tag-cacib","tag-fci","tag-izlozba-pasa","tag-izlozbe-pasa","tag-izlozbe-pasa-2026","tag-izlozbe-pasa-portugalija-2026","tag-medjunarodna-izlozba-pasa"],"post_mailing_queue_ids":[],"_links":{"self":[{"href":"https:\/\/jelenadogshows.com\/sr\/aktuelno\/wp-json\/wp\/v2\/posts\/15655","targetHints":{"allow":["GET"]}}],"collection":[{"href":"https:\/\/jelenadogshows.com\/sr\/aktuelno\/wp-json\/wp\/v2\/posts"}],"about":[{"href":"https:\/\/jelenadogshows.com\/sr\/aktuelno\/wp-json\/wp\/v2\/types\/post"}],"author":[{"embeddable":true,"href":"https:\/\/jelenadogshows.com\/sr\/aktuelno\/wp-json\/wp\/v2\/users\/1"}],"replies":[{"embeddable":true,"href":"https:\/\/jelenadogshows.com\/sr\/aktuelno\/wp-json\/wp\/v2\/comments?post=15655"}],"version-history":[{"count":1,"href":"https:\/\/jelenadogshows.com\/sr\/aktuelno\/wp-json\/wp\/v2\/posts\/15655\/revisions"}],"predecessor-version":[{"id":15656,"href":"https:\/\/jelenadogshows.com\/sr\/aktuelno\/wp-json\/wp\/v2\/posts\/15655\/revisions\/15656"}],"wp:featuredmedia":[{"embeddable":true,"href":"https:\/\/jelenadogshows.com\/sr\/aktuelno\/wp-json\/wp\/v2\/media\/1764"}],"wp:attachment":[{"href":"https:\/\/jelenadogshows.com\/sr\/aktuelno\/wp-json\/wp\/v2\/media?parent=15655"}],"wp:term":[{"taxonomy":"category","embeddable":true,"href":"https:\/\/jelenadogshows.com\/sr\/aktuelno\/wp-json\/wp\/v2\/categories?post=15655"},{"taxonomy":"post_tag","embeddable":true,"href":"https:\/\/jelenadogshows.com\/sr\/aktuelno\/wp-json\/wp\/v2\/tags?post=15655"}],"curies":[{"name":"wp","href":"https:\/\/api.w.org\/{rel}","templated":true}]}}